{"id":219,"date":"2023-05-10T13:12:36","date_gmt":"2023-05-10T11:12:36","guid":{"rendered":"https:\/\/www.toftagnisvard.se\/gustavs-orkidevandring\/?p=219"},"modified":"2023-05-10T16:40:42","modified_gmt":"2023-05-10T14:40:42","slug":"rod-skogslilja","status":"publish","type":"post","link":"https:\/\/www.toftagnisvard.se\/gustavs-orkidevandring\/orkide\/rod-skogslilja\/","title":{"rendered":"R\u00f6d skogslilja"},"content":{"rendered":"<p><div class=\"fusion-fullwidth fullwidth-box fusion-builder-row-1 fusion-flex-container has-pattern-background has-mask-background nonhundred-percent-fullwidth non-hundred-percent-height-scrolling\" style=\"--awb-border-radius-top-left:0px;--awb-border-radius-top-right:0px;--awb-border-radius-bottom-right:0px;--awb-border-radius-bottom-left:0px;--awb-flex-wrap:wrap;\" ><div class=\"fusion-builder-row fusion-row fusion-flex-align-items-flex-start fusion-flex-content-wrap\" style=\"max-width:1248px;margin-left: calc(-4% \/ 2 );margin-right: calc(-4% \/ 2 );\"><div class=\"fusion-layout-column fusion_builder_column fusion-builder-column-0 fusion_builder_column_2_3 2_3 fusion-flex-column\" style=\"--awb-bg-size:cover;--awb-width-large:66.666666666667%;--awb-margin-top-large:0px;--awb-spacing-right-large:2.88%;--awb-margin-bottom-large:20px;--awb-spacing-left-large:2.88%;--awb-width-medium:66.666666666667%;--awb-order-medium:0;--awb-spacing-right-medium:2.88%;--awb-spacing-left-medium:2.88%;--awb-width-small:100%;--awb-order-small:0;--awb-spacing-right-small:1.92%;--awb-spacing-left-small:1.92%;\"><div class=\"fusion-column-wrapper fusion-column-has-shadow fusion-flex-justify-content-flex-start fusion-content-layout-column\"><div class=\"fusion-text fusion-text-1\"><p>R\u00f6d skogslilja \u00e4r en fler\u00e5rig orkid\u00e9 med en t\u00e4mligen spenslig, vanligen 20\u201350 cm h\u00f6g, ogrenad stj\u00e4lk. Glest p\u00e5 stj\u00e4lken sitter elliptiska till lansettlika, ca 1\u20132 cm breda och 7\u201310 cm l\u00e5nga blad. Den glesa blomst\u00e4llningen \u00e4r ofta n\u00e5got lutande och inneh\u00e5ller 3\u201312, rosenr\u00f6da, doftande, 2\u20132,5 cm stora blommor. Blomningen sker fr\u00e5n mitten av juni till f\u00f6rsta delen av juli.<\/p>\n<p>R\u00f6d skogslilja v\u00e4xer i \u00f6ppna skogar, praktiskt taget alltid i talldominerade barrskogar, vanligen p\u00e5 sand. Arten gynnas av m\u00e5ttligt tramp. R\u00f6d skogslilja pollineras av solit\u00e4ra bin, fr\u00e4mst storsovarbi och sm\u00e5sovarbi.<\/p>\n<p>R\u00f6d skogslilja f\u00f6rekommer i \u00f6stra Sverige fr\u00e5n Sm\u00e5land norrut till Uppland och p\u00e5 enstaka lokaler i andra sydsvenska landskap. Vanligast \u00e4r arten p\u00e5 Gotland och, framf\u00f6r allt, p\u00e5 Gotska Sand\u00f6n. L\u00e4ngs v\u00e5r strand f\u00f6rekommer arten med enstaka exemplar.<\/p>\n<\/div><\/div><\/div><div class=\"fusion-layout-column fusion_builder_column fusion-builder-column-1 fusion_builder_column_1_3 1_3 fusion-flex-column\" style=\"--awb-bg-size:cover;--awb-width-large:33.333333333333%;--awb-margin-top-large:0px;--awb-spacing-right-large:5.76%;--awb-margin-bottom-large:20px;--awb-spacing-left-large:5.76%;--awb-width-medium:33.333333333333%;--awb-order-medium:0;--awb-spacing-right-medium:5.76%;--awb-spacing-left-medium:5.76%;--awb-width-small:100%;--awb-order-small:0;--awb-spacing-right-small:1.92%;--awb-spacing-left-small:1.92%;\"><div class=\"fusion-column-wrapper fusion-column-has-shadow fusion-flex-justify-content-flex-start fusion-content-layout-column\"><div class=\"fusion-text fusion-text-2\"><div id=\"attachment_31\" style=\"width: 2570px\" class=\"wp-caption alignnone\"><a href=\"https:\/\/www.toftagnisvard.se\/gustavs-orkidevandring\/wp-content\/uploads\/Roda-skogsliljans-blomma-i-narbild-Foto-Gustav-Hammarhjelm-scaled.jpg\"><img decoding=\"async\" aria-describedby=\"caption-attachment-31\" class=\"wp-image-31 size-full\" src=\"https:\/\/www.toftagnisvard.se\/gustavs-orkidevandring\/wp-content\/uploads\/Roda-skogsliljans-blomma-i-narbild-Foto-Gustav-Hammarhjelm-scaled.jpg\" alt=\"R\u00f6d skogslilja (Foto: Gustav Hammarhjelm)\" width=\"2560\" height=\"2560\" srcset=\"https:\/\/www.toftagnisvard.se\/gustavs-orkidevandring\/wp-content\/uploads\/Roda-skogsliljans-blomma-i-narbild-Foto-Gustav-Hammarhjelm-66x66.jpg 66w, https:\/\/www.toftagnisvard.se\/gustavs-orkidevandring\/wp-content\/uploads\/Roda-skogsliljans-blomma-i-narbild-Foto-Gustav-Hammarhjelm-200x200.jpg 200w, https:\/\/www.toftagnisvard.se\/gustavs-orkidevandring\/wp-content\/uploads\/Roda-skogsliljans-blomma-i-narbild-Foto-Gustav-Hammarhjelm-400x400.jpg 400w, https:\/\/www.toftagnisvard.se\/gustavs-orkidevandring\/wp-content\/uploads\/Roda-skogsliljans-blomma-i-narbild-Foto-Gustav-Hammarhjelm-500x500.jpg 500w, https:\/\/www.toftagnisvard.se\/gustavs-orkidevandring\/wp-content\/uploads\/Roda-skogsliljans-blomma-i-narbild-Foto-Gustav-Hammarhjelm-600x600.jpg 600w, https:\/\/www.toftagnisvard.se\/gustavs-orkidevandring\/wp-content\/uploads\/Roda-skogsliljans-blomma-i-narbild-Foto-Gustav-Hammarhjelm-768x768.jpg 768w, https:\/\/www.toftagnisvard.se\/gustavs-orkidevandring\/wp-content\/uploads\/Roda-skogsliljans-blomma-i-narbild-Foto-Gustav-Hammarhjelm-800x800.jpg 800w, https:\/\/www.toftagnisvard.se\/gustavs-orkidevandring\/wp-content\/uploads\/Roda-skogsliljans-blomma-i-narbild-Foto-Gustav-Hammarhjelm-1200x1200.jpg 1200w, https:\/\/www.toftagnisvard.se\/gustavs-orkidevandring\/wp-content\/uploads\/Roda-skogsliljans-blomma-i-narbild-Foto-Gustav-Hammarhjelm-1536x1536.jpg 1536w, https:\/\/www.toftagnisvard.se\/gustavs-orkidevandring\/wp-content\/uploads\/Roda-skogsliljans-blomma-i-narbild-Foto-Gustav-Hammarhjelm-scaled.jpg 2560w\" sizes=\"(max-width: 2560px) 100vw, 2560px\" \/><\/a><p id=\"caption-attachment-31\" class=\"wp-caption-text\">R\u00f6d skogslilja <br \/>Foto: Gustav Hammarhjelm<\/p><\/div>\n<\/div><\/div><\/div><\/div><\/div><div class=\"fusion-fullwidth fullwidth-box fusion-builder-row-2 fusion-flex-container has-pattern-background has-mask-background nonhundred-percent-fullwidth non-hundred-percent-height-scrolling\" style=\"--awb-border-radius-top-left:0px;--awb-border-radius-top-right:0px;--awb-border-radius-bottom-right:0px;--awb-border-radius-bottom-left:0px;--awb-flex-wrap:wrap;\" ><div class=\"fusion-builder-row fusion-row fusion-flex-align-items-flex-start fusion-flex-content-wrap\" style=\"max-width:1248px;margin-left: calc(-4% \/ 2 );margin-right: calc(-4% \/ 2 );\"><div class=\"fusion-layout-column fusion_builder_column fusion-builder-column-2 fusion_builder_column_1_1 1_1 fusion-flex-column\" style=\"--awb-bg-size:cover;--awb-width-large:100%;--awb-margin-top-large:0px;--awb-spacing-right-large:1.92%;--awb-margin-bottom-large:20px;--awb-spacing-left-large:1.92%;--awb-width-medium:100%;--awb-order-medium:0;--awb-spacing-right-medium:1.92%;--awb-spacing-left-medium:1.92%;--awb-width-small:100%;--awb-order-small:0;--awb-spacing-right-small:1.92%;--awb-spacing-left-small:1.92%;\"><div class=\"fusion-column-wrapper fusion-column-has-shadow fusion-flex-justify-content-flex-start fusion-content-layout-column\"><div class=\"fusion-text fusion-text-3\"><h2>Fler bilder<\/h2>\n<\/div><\/div><\/div><div class=\"fusion-layout-column fusion_builder_column fusion-builder-column-3 fusion_builder_column_1_1 1_1 fusion-flex-column\" style=\"--awb-bg-size:cover;--awb-width-large:100%;--awb-margin-top-large:0px;--awb-spacing-right-large:1.92%;--awb-margin-bottom-large:20px;--awb-spacing-left-large:1.92%;--awb-width-medium:100%;--awb-order-medium:0;--awb-spacing-right-medium:1.92%;--awb-spacing-left-medium:1.92%;--awb-width-small:100%;--awb-order-small:0;--awb-spacing-right-small:1.92%;--awb-spacing-left-small:1.92%;\"><div class=\"fusion-column-wrapper fusion-column-has-shadow fusion-flex-justify-content-flex-start fusion-content-layout-column\"><div class=\"awb-gallery-wrapper awb-gallery-wrapper-1 button-span-no\" style=\"--more-btn-alignment:center;\"><div style=\"margin:-5px;--awb-bordersize:0px;\" class=\"fusion-gallery fusion-gallery-container fusion-grid-3 fusion-columns-total-2 fusion-gallery-layout-grid fusion-gallery-1\"><div style=\"padding:5px;\" class=\"fusion-grid-column fusion-gallery-column fusion-gallery-column-3 hover-type-none\"><div class=\"fusion-gallery-image\"><a href=\"https:\/\/www.toftagnisvard.se\/gustavs-orkidevandring\/wp-content\/uploads\/Roda-skogsliljans-blomma-i-narbild-Foto-Gustav-Hammarhjelm-scaled.jpg\" data-title=\"R\u00f6da skogsliljans blomma i n\u00e4rbild (Foto Gustav Hammarhjelm)\" title=\"R\u00f6da skogsliljans blomma i n\u00e4rbild (Foto Gustav Hammarhjelm)\" data-caption=\"R\u00f6d skogslilja&lt;br&gt;\nFoto:Gustav Hammarhjelm\" rel=\"noreferrer\" data-rel=\"iLightbox[gallery_image_1]\" class=\"fusion-lightbox\" target=\"_self\"><img decoding=\"async\" src=\"https:\/\/www.toftagnisvard.se\/gustavs-orkidevandring\/wp-content\/uploads\/Roda-skogsliljans-blomma-i-narbild-Foto-Gustav-Hammarhjelm-scaled.jpg\" width=\"2560\" height=\"2560\" alt=\"\" title=\"R\u00f6da skogsliljans blomma i n\u00e4rbild (Foto Gustav Hammarhjelm)\" aria-label=\"R\u00f6da skogsliljans blomma i n\u00e4rbild (Foto Gustav Hammarhjelm)\" class=\"img-responsive wp-image-31\" srcset=\"https:\/\/www.toftagnisvard.se\/gustavs-orkidevandring\/wp-content\/uploads\/Roda-skogsliljans-blomma-i-narbild-Foto-Gustav-Hammarhjelm-200x200.jpg 200w, https:\/\/www.toftagnisvard.se\/gustavs-orkidevandring\/wp-content\/uploads\/Roda-skogsliljans-blomma-i-narbild-Foto-Gustav-Hammarhjelm-400x400.jpg 400w, https:\/\/www.toftagnisvard.se\/gustavs-orkidevandring\/wp-content\/uploads\/Roda-skogsliljans-blomma-i-narbild-Foto-Gustav-Hammarhjelm-600x600.jpg 600w, https:\/\/www.toftagnisvard.se\/gustavs-orkidevandring\/wp-content\/uploads\/Roda-skogsliljans-blomma-i-narbild-Foto-Gustav-Hammarhjelm-800x800.jpg 800w, https:\/\/www.toftagnisvard.se\/gustavs-orkidevandring\/wp-content\/uploads\/Roda-skogsliljans-blomma-i-narbild-Foto-Gustav-Hammarhjelm-1200x1200.jpg 1200w, https:\/\/www.toftagnisvard.se\/gustavs-orkidevandring\/wp-content\/uploads\/Roda-skogsliljans-blomma-i-narbild-Foto-Gustav-Hammarhjelm-scaled.jpg 2560w\" sizes=\"(min-width: 2200px) 100vw, (min-width: 784px) 397px, (min-width: 712px) 595px, (min-width: 640px) 712px, \" \/><\/a><\/div><\/div><div style=\"padding:5px;\" class=\"fusion-grid-column fusion-gallery-column fusion-gallery-column-3 hover-type-none\"><div class=\"fusion-gallery-image\"><a href=\"https:\/\/www.toftagnisvard.se\/gustavs-orkidevandring\/wp-content\/uploads\/Rod-skogslilja-Foto-Bjorn-Risinger.jpg\" data-title=\"R\u00f6d skogslilja (Foto Bj\u00f6rn Risinger)\" title=\"R\u00f6d skogslilja (Foto Bj\u00f6rn Risinger)\" rel=\"noreferrer\" data-rel=\"iLightbox[gallery_image_1]\" class=\"fusion-lightbox\" target=\"_self\"><img decoding=\"async\" src=\"https:\/\/www.toftagnisvard.se\/gustavs-orkidevandring\/wp-content\/uploads\/Rod-skogslilja-Foto-Bjorn-Risinger.jpg\" width=\"694\" height=\"960\" alt=\"\" title=\"R\u00f6d skogslilja (Foto Bj\u00f6rn Risinger)\" aria-label=\"R\u00f6d skogslilja (Foto Bj\u00f6rn Risinger)\" class=\"img-responsive wp-image-30\" srcset=\"https:\/\/www.toftagnisvard.se\/gustavs-orkidevandring\/wp-content\/uploads\/Rod-skogslilja-Foto-Bjorn-Risinger-200x277.jpg 200w, https:\/\/www.toftagnisvard.se\/gustavs-orkidevandring\/wp-content\/uploads\/Rod-skogslilja-Foto-Bjorn-Risinger-400x553.jpg 400w, https:\/\/www.toftagnisvard.se\/gustavs-orkidevandring\/wp-content\/uploads\/Rod-skogslilja-Foto-Bjorn-Risinger-600x830.jpg 600w, https:\/\/www.toftagnisvard.se\/gustavs-orkidevandring\/wp-content\/uploads\/Rod-skogslilja-Foto-Bjorn-Risinger.jpg 694w\" sizes=\"(min-width: 2200px) 100vw, (min-width: 784px) 397px, (min-width: 712px) 595px, (min-width: 640px) 712px, \" \/><\/a><\/div><\/div><\/div><\/div><\/div><\/div><\/div><\/div><\/p>\n","protected":false},"excerpt":{"rendered":"","protected":false},"author":2,"featured_media":30,"comment_status":"closed","ping_status":"closed","sticky":false,"template":"","format":"standard","meta":{"footnotes":""},"categories":[5],"tags":[],"class_list":["post-219","post","type-post","status-publish","format-standard","has-post-thumbnail","hentry","category-orkide"],"_links":{"self":[{"href":"https:\/\/www.toftagnisvard.se\/gustavs-orkidevandring\/wp-json\/wp\/v2\/posts\/219","targetHints":{"allow":["GET"]}}],"collection":[{"href":"https:\/\/www.toftagnisvard.se\/gustavs-orkidevandring\/wp-json\/wp\/v2\/posts"}],"about":[{"href":"https:\/\/www.toftagnisvard.se\/gustavs-orkidevandring\/wp-json\/wp\/v2\/types\/post"}],"author":[{"embeddable":true,"href":"https:\/\/www.toftagnisvard.se\/gustavs-orkidevandring\/wp-json\/wp\/v2\/users\/2"}],"replies":[{"embeddable":true,"href":"https:\/\/www.toftagnisvard.se\/gustavs-orkidevandring\/wp-json\/wp\/v2\/comments?post=219"}],"version-history":[{"count":5,"href":"https:\/\/www.toftagnisvard.se\/gustavs-orkidevandring\/wp-json\/wp\/v2\/posts\/219\/revisions"}],"predecessor-version":[{"id":286,"href":"https:\/\/www.toftagnisvard.se\/gustavs-orkidevandring\/wp-json\/wp\/v2\/posts\/219\/revisions\/286"}],"wp:featuredmedia":[{"embeddable":true,"href":"https:\/\/www.toftagnisvard.se\/gustavs-orkidevandring\/wp-json\/wp\/v2\/media\/30"}],"wp:attachment":[{"href":"https:\/\/www.toftagnisvard.se\/gustavs-orkidevandring\/wp-json\/wp\/v2\/media?parent=219"}],"wp:term":[{"taxonomy":"category","embeddable":true,"href":"https:\/\/www.toftagnisvard.se\/gustavs-orkidevandring\/wp-json\/wp\/v2\/categories?post=219"},{"taxonomy":"post_tag","embeddable":true,"href":"https:\/\/www.toftagnisvard.se\/gustavs-orkidevandring\/wp-json\/wp\/v2\/tags?post=219"}],"curies":[{"name":"wp","href":"https:\/\/api.w.org\/{rel}","templated":true}]}}